{"id":14351,"date":"2026-03-11T20:34:20","date_gmt":"2026-03-12T00:34:20","guid":{"rendered":"https:\/\/iap5.org\/?p=14351"},"modified":"2026-03-12T13:07:43","modified_gmt":"2026-03-12T17:07:43","slug":"nota-de-gratitud-y-condolencias-de-la-iglesia-adventista-del-septimo-dia-ponce-5","status":"publish","type":"post","link":"https:\/\/iap5.org\/index.php\/2026\/03\/11\/nota-de-gratitud-y-condolencias-de-la-iglesia-adventista-del-septimo-dia-ponce-5\/","title":{"rendered":"Nota de Gratitud y Condolencias de la Iglesia Adventista del S\u00e9ptimo D\u00eda Ponce 5"},"content":{"rendered":"\t\t<div data-elementor-type=\"wp-post\" data-elementor-id=\"14351\" class=\"elementor elementor-14351\" data-elementor-post-type=\"post\">\n\t\t\t\t<div class=\"elementor-element elementor-element-8613729 e-flex e-con-boxed e-con e-parent\" data-id=\"8613729\" data-element_type=\"container\" data-e-type=\"container\">\n\t\t\t\t\t<div class=\"e-con-inner\">\n\t\t\t\t<div class=\"elementor-element elementor-element-c056c50 elementor-drop-cap-yes elementor-drop-cap-view-default elementor-widget elementor-widget-text-editor\" data-id=\"c056c50\" data-element_type=\"widget\" data-e-type=\"widget\" data-settings=\"{&quot;drop_cap&quot;:&quot;yes&quot;}\" data-widget_type=\"text-editor.default\">\n\t\t\t\t<div class=\"elementor-widget-container\">\n\t\t\t\t\t\t\t\t\t<p data-path-to-node=\"5\">Con profunda gratitud y esperanza cristiana, la <b data-path-to-node=\"5\" data-index-in-node=\"48\">Iglesia Adventista del S\u00e9ptimo D\u00eda Ponce 5<\/b> rinde homenaje a la vida y el ministerio de nuestra querida hermana, <b data-path-to-node=\"5\" data-index-in-node=\"160\">Anita Correa<\/b>, quien se desempe\u00f1\u00f3 con excelencia como Directora de Comunicaciones y Directora del Ministerio de la Mujer.<\/p><p data-path-to-node=\"6\">Recordamos con cari\u00f1o las huellas que dej\u00f3 entre nosotros:<\/p><ul data-path-to-node=\"7\"><li><p data-path-to-node=\"7,0,0\"><b data-path-to-node=\"7,0,0\" data-index-in-node=\"0\">Su Voz y Alabanza:<\/b> Sus c\u00e1nticos elevaron nuestros corazones y llevaron el mensaje de salvaci\u00f3n a cada rinc\u00f3n donde estuvo presente.<\/p><\/li><li><p data-path-to-node=\"7,1,0\"><b data-path-to-node=\"7,1,0\" data-index-in-node=\"0\">Servicio Incansable:<\/b> Su disposici\u00f3n para ayudar a todo aquel que estuviera en necesidad fue un testimonio vivo del amor de Dios.<\/p><\/li><li><p data-path-to-node=\"7,2,0\"><b data-path-to-node=\"7,2,0\" data-index-in-node=\"0\">Mentor\u00eda Generosa:<\/b> Su amor incondicional y apoyo a nuestros clubes de <strong>Aventureros<\/strong> y <strong>Conquistadores<\/strong>, formando a las nuevas generaciones con paciencia y dedicaci\u00f3n. Como <strong>Capell\u00e1n<\/strong> realizando visitas, ayudando y dando palabras de aliento al necesitado.<\/p><\/li><li><p data-path-to-node=\"7,3,0\"><b data-path-to-node=\"7,3,0\" data-index-in-node=\"0\">Su Esp\u00edritu Alegre:<\/b> En medio de las obras misioneras, Anita siempre tuvo el chiste oportuno, la broma amable y las palabras de \u00e1nimo necesarias para fortalecer al cansado.<\/p><\/li><\/ul><h3 data-path-to-node=\"8\">Nuestras Condolencias<\/h3><p data-path-to-node=\"9\">Extendemos nuestro m\u00e1s sentido p\u00e9same a sus hermanos y familiares. Nos unimos en oraci\u00f3n para que la paz de Dios, que sobrepasa todo entendimiento, les sostenga en este momento de transici\u00f3n.<\/p><blockquote data-path-to-node=\"10\"><p id=\"p-rc_e36d3041d59384f1-19\" data-path-to-node=\"10,0\">&#8220;O\u00ed una v<span class=\"citation-5\">oz que desde el cielo me dec\u00eda: Escribe: Bienaventurados de aqu\u00ed en adelante los muertos que mueren en el Se\u00f1or. S\u00ed, dice el Esp\u00edritu, descansar\u00e1n de sus trabajos, porque sus obras con ellos siguen.&#8221; \u2014 <\/span><b data-path-to-node=\"10,0\" data-index-in-node=\"211\"><span class=\"citation-5 citation-end-5\">Apocalip<\/span>sis 14:13<\/b><\/p><\/blockquote>\t\t\t\t\t\t\t\t<\/div>\n\t\t\t\t<\/div>\n\t\t\t\t\t<\/div>\n\t\t\t\t<\/div>\n\t\t<div class=\"elementor-element elementor-element-5f0048e e-flex e-con-boxed e-con e-parent\" data-id=\"5f0048e\" data-element_type=\"container\" data-e-type=\"container\">\n\t\t\t\t\t<div class=\"e-con-inner\">\n\t\t\t\t<div class=\"elementor-element elementor-element-69bf470 elementor-widget elementor-widget-image\" data-id=\"69bf470\" data-element_type=\"widget\" data-e-type=\"widget\" data-widget_type=\"image.default\">\n\t\t\t\t<div class=\"elementor-widget-container\">\n\t\t\t\t\t\t\t\t\t\t\t\t\t\t\t<img fetchpriority=\"high\" decoding=\"async\" width=\"700\" height=\"1024\" src=\"https:\/\/i0.wp.com\/iap5.org\/wp-content\/uploads\/2026\/03\/photo_2026-03-12_13-07-14.jpg?fit=700%2C1024&amp;ssl=1\" class=\"attachment-large size-large wp-image-14374\" alt=\"\" srcset=\"https:\/\/i0.wp.com\/iap5.org\/wp-content\/uploads\/2026\/03\/photo_2026-03-12_13-07-14.jpg?w=875&amp;ssl=1 875w, https:\/\/i0.wp.com\/iap5.org\/wp-content\/uploads\/2026\/03\/photo_2026-03-12_13-07-14.jpg?resize=205%2C300&amp;ssl=1 205w, https:\/\/i0.wp.com\/iap5.org\/wp-content\/uploads\/2026\/03\/photo_2026-03-12_13-07-14.jpg?resize=700%2C1024&amp;ssl=1 700w, https:\/\/i0.wp.com\/iap5.org\/wp-content\/uploads\/2026\/03\/photo_2026-03-12_13-07-14.jpg?resize=768%2C1123&amp;ssl=1 768w, https:\/\/i0.wp.com\/iap5.org\/wp-content\/uploads\/2026\/03\/photo_2026-03-12_13-07-14.jpg?resize=260%2C380&amp;ssl=1 260w\" sizes=\"(max-width: 700px) 100vw, 700px\" \/>\t\t\t\t\t\t\t\t\t\t\t\t\t\t\t<\/div>\n\t\t\t\t<\/div>\n\t\t\t\t\t<\/div>\n\t\t\t\t<\/div>\n\t\t<div class=\"elementor-element elementor-element-113b20e e-flex e-con-boxed e-con e-parent\" data-id=\"113b20e\" data-element_type=\"container\" data-e-type=\"container\">\n\t\t\t\t\t<div class=\"e-con-inner\">\n\t\t\t\t<div class=\"elementor-element elementor-element-98c16e2 elementor-widget elementor-widget-video\" data-id=\"98c16e2\" data-element_type=\"widget\" data-e-type=\"widget\" data-settings=\"{&quot;youtube_url&quot;:&quot;https:\\\/\\\/youtu.be\\\/MPy3foAaJ-Q&quot;,&quot;video_type&quot;:&quot;youtube&quot;,&quot;controls&quot;:&quot;yes&quot;}\" data-widget_type=\"video.default\">\n\t\t\t\t<div class=\"elementor-widget-container\">\n\t\t\t\t\t\t\t<div class=\"elementor-wrapper elementor-open-inline\">\n\t\t\t<div class=\"elementor-video\"><\/div>\t\t<\/div>\n\t\t\t\t\t\t<\/div>\n\t\t\t\t<\/div>\n\t\t\t\t\t<\/div>\n\t\t\t\t<\/div>\n\t\t\t\t<\/div>\n\t\t","protected":false},"excerpt":{"rendered":"<p>Con profunda gratitud y esperanza cristiana, la Iglesia Adventista del S\u00e9ptimo D\u00eda Ponce 5 rinde homenaje a la vida y el ministerio de nuestra querida hermana, Anita Correa, quien se desempe\u00f1\u00f3 con excelencia como Directora de Comunicaciones y Directora del Ministerio de la Mujer. Recordamos con cari\u00f1o las huellas que dej\u00f3 entre nosotros: Su Voz [&hellip;]<\/p>\n","protected":false},"author":1,"featured_media":14348,"comment_status":"open","ping_status":"open","sticky":false,"template":"","format":"standard","meta":{"_jetpack_memberships_contains_paid_content":false,"footnotes":"","jetpack_publicize_message":"","jetpack_publicize_feature_enabled":true,"jetpack_social_post_already_shared":true,"jetpack_social_options":{"image_generator_settings":{"template":"highway","default_image_id":0,"font":"","enabled":false},"version":2}},"categories":[93],"tags":[],"class_list":["post-14351","post","type-post","status-publish","format-standard","has-post-thumbnail","hentry","category-blog"],"jetpack_publicize_connections":[],"jetpack_featured_media_url":"https:\/\/i0.wp.com\/iap5.org\/wp-content\/uploads\/2018\/09\/Anita-Correa.png?fit=1294%2C1501&ssl=1","jetpack_sharing_enabled":true,"_links":{"self":[{"href":"https:\/\/iap5.org\/index.php\/wp-json\/wp\/v2\/posts\/14351","targetHints":{"allow":["GET"]}}],"collection":[{"href":"https:\/\/iap5.org\/index.php\/wp-json\/wp\/v2\/posts"}],"about":[{"href":"https:\/\/iap5.org\/index.php\/wp-json\/wp\/v2\/types\/post"}],"author":[{"embeddable":true,"href":"https:\/\/iap5.org\/index.php\/wp-json\/wp\/v2\/users\/1"}],"replies":[{"embeddable":true,"href":"https:\/\/iap5.org\/index.php\/wp-json\/wp\/v2\/comments?post=14351"}],"version-history":[{"count":17,"href":"https:\/\/iap5.org\/index.php\/wp-json\/wp\/v2\/posts\/14351\/revisions"}],"predecessor-version":[{"id":14377,"href":"https:\/\/iap5.org\/index.php\/wp-json\/wp\/v2\/posts\/14351\/revisions\/14377"}],"wp:featuredmedia":[{"embeddable":true,"href":"https:\/\/iap5.org\/index.php\/wp-json\/wp\/v2\/media\/14348"}],"wp:attachment":[{"href":"https:\/\/iap5.org\/index.php\/wp-json\/wp\/v2\/media?parent=14351"}],"wp:term":[{"taxonomy":"category","embeddable":true,"href":"https:\/\/iap5.org\/index.php\/wp-json\/wp\/v2\/categories?post=14351"},{"taxonomy":"post_tag","embeddable":true,"href":"https:\/\/iap5.org\/index.php\/wp-json\/wp\/v2\/tags?post=14351"}],"curies":[{"name":"wp","href":"https:\/\/api.w.org\/{rel}","templated":true}]}}