{"id":11164,"date":"2019-12-17T08:15:08","date_gmt":"2019-12-17T12:15:08","guid":{"rendered":"https:\/\/iap5.org\/?p=11164"},"modified":"2019-12-17T08:15:03","modified_gmt":"2019-12-17T12:15:03","slug":"40-dias-de-ayuno-y-oracion-22","status":"publish","type":"post","link":"https:\/\/iap5.org\/index.php\/2019\/12\/17\/40-dias-de-ayuno-y-oracion-22\/","title":{"rendered":"40 D\u00edas de Ayuno y Oraci\u00f3n"},"content":{"rendered":"\nHoy martes 17 de diciembre es el DIA 2\u20e39\u20e3 de la Jornada  de &#8220;40 DIAS DE AYUNO Y ORACION&#8221;. Que gran Bendici\u00f3n tenemos de poder terminar este a\u00f1o 2019 en ORACION los unos por los otros y especialmente por tantas personas que necesitan de JES\u00daS.<br \/>\nPrep\u00e1rese para ma\u00f1ana poder llevarle a esos amigos una peque\u00f1a tarjeta de navidad.<br \/>\nLea Ester 5 en la continuaci\u00f3n del plan mundial Reavivados por Su Palabra #RpSP.<br \/>\nFeliz d\u00eda, pr Rafael Contreras.\n\n","protected":false},"excerpt":{"rendered":"<p>Hoy martes 17 de diciembre es el DIA 2\u20e39\u20e3 de la Jornada de &#8220;40 DIAS DE AYUNO Y ORACION&#8221;. Que gran Bendici\u00f3n tenemos de poder terminar este a\u00f1o 2019 en ORACION los unos por los otros y especialmente por tantas personas que necesitan de JES\u00daS. Prep\u00e1rese para ma\u00f1ana poder llevarle a esos amigos una peque\u00f1a [&hellip;]<\/p>\n","protected":false},"author":1,"featured_media":11163,"comment_status":"open","ping_status":"open","sticky":false,"template":"","format":"standard","meta":{"_jetpack_memberships_contains_paid_content":false,"footnotes":"","jetpack_publicize_message":"","jetpack_publicize_feature_enabled":true,"jetpack_social_post_already_shared":true,"jetpack_social_options":{"image_generator_settings":{"template":"highway","default_image_id":0,"font":"","enabled":false},"version":2}},"categories":[1],"tags":[],"class_list":["post-11164","post","type-post","status-publish","format-standard","has-post-thumbnail","hentry","category-uncategorized"],"jetpack_publicize_connections":[],"jetpack_featured_media_url":"https:\/\/i0.wp.com\/iap5.org\/wp-content\/uploads\/2019\/12\/IMG-20191217-WA0000.jpg?fit=1000%2C1000&ssl=1","jetpack_sharing_enabled":true,"_links":{"self":[{"href":"https:\/\/iap5.org\/index.php\/wp-json\/wp\/v2\/posts\/11164","targetHints":{"allow":["GET"]}}],"collection":[{"href":"https:\/\/iap5.org\/index.php\/wp-json\/wp\/v2\/posts"}],"about":[{"href":"https:\/\/iap5.org\/index.php\/wp-json\/wp\/v2\/types\/post"}],"author":[{"embeddable":true,"href":"https:\/\/iap5.org\/index.php\/wp-json\/wp\/v2\/users\/1"}],"replies":[{"embeddable":true,"href":"https:\/\/iap5.org\/index.php\/wp-json\/wp\/v2\/comments?post=11164"}],"version-history":[{"count":1,"href":"https:\/\/iap5.org\/index.php\/wp-json\/wp\/v2\/posts\/11164\/revisions"}],"predecessor-version":[{"id":11165,"href":"https:\/\/iap5.org\/index.php\/wp-json\/wp\/v2\/posts\/11164\/revisions\/11165"}],"wp:featuredmedia":[{"embeddable":true,"href":"https:\/\/iap5.org\/index.php\/wp-json\/wp\/v2\/media\/11163"}],"wp:attachment":[{"href":"https:\/\/iap5.org\/index.php\/wp-json\/wp\/v2\/media?parent=11164"}],"wp:term":[{"taxonomy":"category","embeddable":true,"href":"https:\/\/iap5.org\/index.php\/wp-json\/wp\/v2\/categories?post=11164"},{"taxonomy":"post_tag","embeddable":true,"href":"https:\/\/iap5.org\/index.php\/wp-json\/wp\/v2\/tags?post=11164"}],"curies":[{"name":"wp","href":"https:\/\/api.w.org\/{rel}","templated":true}]}}