{"id":11081,"date":"2019-12-09T06:08:40","date_gmt":"2019-12-09T14:08:40","guid":{"rendered":"https:\/\/iap5.org\/?p=11081"},"modified":"2019-12-09T10:09:08","modified_gmt":"2019-12-09T14:09:08","slug":"40-dias-de-ayuno-y-oracion-14","status":"publish","type":"post","link":"https:\/\/iap5.org\/index.php\/2019\/12\/09\/40-dias-de-ayuno-y-oracion-14\/","title":{"rendered":"40 D\u00edas de Ayuno y Oraci\u00f3n"},"content":{"rendered":"\nD\u00cdA 2\u20e31\u20e3 DE NUESTRA JORNADA DE AYUNO Y ORACI\u00d3N.<br \/>\nClame a DIOS una d\u00eda m\u00e1s por sus familiares, amigos, vecinos, etc, para que ellos acepten a JESUCRISTO en su coraz\u00f3n.<br \/>\nEn Nehem\u00edas C\u00e1p 10 meditemos en una gran ense\u00f1anza para la iglesia. <br \/>\nFEIIZ D\u00cdA Y BENDICIONES. Pr Rafael Contreras.\n\n","protected":false},"excerpt":{"rendered":"<p>D\u00cdA 2\u20e31\u20e3 DE NUESTRA JORNADA DE AYUNO Y ORACI\u00d3N. Clame a DIOS una d\u00eda m\u00e1s por sus familiares, amigos, vecinos, etc, para que ellos acepten a JESUCRISTO en su coraz\u00f3n. En Nehem\u00edas C\u00e1p 10 meditemos en una gran ense\u00f1anza para la iglesia. FEIIZ D\u00cdA Y BENDICIONES. Pr Rafael Contreras.<\/p>\n","protected":false},"author":1,"featured_media":11080,"comment_status":"open","ping_status":"open","sticky":false,"template":"","format":"standard","meta":{"_jetpack_memberships_contains_paid_content":false,"footnotes":"","jetpack_publicize_message":"","jetpack_publicize_feature_enabled":true,"jetpack_social_post_already_shared":true,"jetpack_social_options":{"image_generator_settings":{"template":"highway","default_image_id":0,"font":"","enabled":false},"version":2}},"categories":[1],"tags":[],"class_list":["post-11081","post","type-post","status-publish","format-standard","has-post-thumbnail","hentry","category-uncategorized"],"jetpack_publicize_connections":[],"jetpack_featured_media_url":"https:\/\/i0.wp.com\/iap5.org\/wp-content\/uploads\/2019\/12\/IMG-20191209-WA0000.jpg?fit=1000%2C1000&ssl=1","jetpack_sharing_enabled":true,"_links":{"self":[{"href":"https:\/\/iap5.org\/index.php\/wp-json\/wp\/v2\/posts\/11081","targetHints":{"allow":["GET"]}}],"collection":[{"href":"https:\/\/iap5.org\/index.php\/wp-json\/wp\/v2\/posts"}],"about":[{"href":"https:\/\/iap5.org\/index.php\/wp-json\/wp\/v2\/types\/post"}],"author":[{"embeddable":true,"href":"https:\/\/iap5.org\/index.php\/wp-json\/wp\/v2\/users\/1"}],"replies":[{"embeddable":true,"href":"https:\/\/iap5.org\/index.php\/wp-json\/wp\/v2\/comments?post=11081"}],"version-history":[{"count":1,"href":"https:\/\/iap5.org\/index.php\/wp-json\/wp\/v2\/posts\/11081\/revisions"}],"predecessor-version":[{"id":11082,"href":"https:\/\/iap5.org\/index.php\/wp-json\/wp\/v2\/posts\/11081\/revisions\/11082"}],"wp:featuredmedia":[{"embeddable":true,"href":"https:\/\/iap5.org\/index.php\/wp-json\/wp\/v2\/media\/11080"}],"wp:attachment":[{"href":"https:\/\/iap5.org\/index.php\/wp-json\/wp\/v2\/media?parent=11081"}],"wp:term":[{"taxonomy":"category","embeddable":true,"href":"https:\/\/iap5.org\/index.php\/wp-json\/wp\/v2\/categories?post=11081"},{"taxonomy":"post_tag","embeddable":true,"href":"https:\/\/iap5.org\/index.php\/wp-json\/wp\/v2\/tags?post=11081"}],"curies":[{"name":"wp","href":"https:\/\/api.w.org\/{rel}","templated":true}]}}