{"id":10812,"date":"2019-08-13T21:23:43","date_gmt":"2019-08-14T01:23:43","guid":{"rendered":"https:\/\/iap5.org\/?p=10812"},"modified":"2019-08-13T21:25:52","modified_gmt":"2019-08-14T01:25:52","slug":"8-dias-de-ayuno-y-oracion","status":"publish","type":"post","link":"https:\/\/iap5.org\/index.php\/2019\/08\/13\/8-dias-de-ayuno-y-oracion\/","title":{"rendered":"8 D\u00edas de Ayuno y Oraci\u00f3n"},"content":{"rendered":"<p>Todas las iglesias Adventistas del Sur estar\u00e1n abiertas, 1 hora diaria, durante el 24 al 31 de agosto de 2019 para dedicar un tiempo de oraci\u00f3n privada y colectiva. Pr\u00f3ximamente la Iglesia Adventista Ponce 5 estaremos avisando la hora en que estaremos abriendo.<\/p>\n","protected":false},"excerpt":{"rendered":"<p>Todas las iglesias Adventistas del Sur estar\u00e1n abiertas, 1 hora diaria, durante el 24 al 31 de agosto de 2019 para dedicar un tiempo de oraci\u00f3n privada y colectiva. Pr\u00f3ximamente la Iglesia Adventista Ponce 5 estaremos avisando la hora en que estaremos abriendo.<\/p>\n","protected":false},"author":1,"featured_media":10808,"comment_status":"open","ping_status":"open","sticky":false,"template":"","format":"standard","meta":{"_jetpack_memberships_contains_paid_content":false,"footnotes":"","jetpack_publicize_message":"","jetpack_publicize_feature_enabled":true,"jetpack_social_post_already_shared":true,"jetpack_social_options":{"image_generator_settings":{"template":"highway","default_image_id":0,"font":"","enabled":false},"version":2}},"categories":[1],"tags":[],"class_list":["post-10812","post","type-post","status-publish","format-standard","has-post-thumbnail","hentry","category-uncategorized"],"jetpack_publicize_connections":[],"jetpack_featured_media_url":"https:\/\/i0.wp.com\/iap5.org\/wp-content\/uploads\/2019\/08\/img-20190813-wa00002885110322130879235.jpg?fit=1224%2C762&ssl=1","jetpack_sharing_enabled":true,"_links":{"self":[{"href":"https:\/\/iap5.org\/index.php\/wp-json\/wp\/v2\/posts\/10812","targetHints":{"allow":["GET"]}}],"collection":[{"href":"https:\/\/iap5.org\/index.php\/wp-json\/wp\/v2\/posts"}],"about":[{"href":"https:\/\/iap5.org\/index.php\/wp-json\/wp\/v2\/types\/post"}],"author":[{"embeddable":true,"href":"https:\/\/iap5.org\/index.php\/wp-json\/wp\/v2\/users\/1"}],"replies":[{"embeddable":true,"href":"https:\/\/iap5.org\/index.php\/wp-json\/wp\/v2\/comments?post=10812"}],"version-history":[{"count":2,"href":"https:\/\/iap5.org\/index.php\/wp-json\/wp\/v2\/posts\/10812\/revisions"}],"predecessor-version":[{"id":10814,"href":"https:\/\/iap5.org\/index.php\/wp-json\/wp\/v2\/posts\/10812\/revisions\/10814"}],"wp:featuredmedia":[{"embeddable":true,"href":"https:\/\/iap5.org\/index.php\/wp-json\/wp\/v2\/media\/10808"}],"wp:attachment":[{"href":"https:\/\/iap5.org\/index.php\/wp-json\/wp\/v2\/media?parent=10812"}],"wp:term":[{"taxonomy":"category","embeddable":true,"href":"https:\/\/iap5.org\/index.php\/wp-json\/wp\/v2\/categories?post=10812"},{"taxonomy":"post_tag","embeddable":true,"href":"https:\/\/iap5.org\/index.php\/wp-json\/wp\/v2\/tags?post=10812"}],"curies":[{"name":"wp","href":"https:\/\/api.w.org\/{rel}","templated":true}]}}